{"id":1170,"date":"2024-11-27T21:08:02","date_gmt":"2024-11-28T00:08:02","guid":{"rendered":"https:\/\/jornalismounaerp.com.br\/faro\/?p=1170"},"modified":"2024-11-28T20:44:10","modified_gmt":"2024-11-28T23:44:10","slug":"hoje-em-dia-as-pessoas-preferem-ver-as-horas-pelo-celular-do-que-em-um-relogio","status":"publish","type":"post","link":"https:\/\/jornalismounaerp.com.br\/faro\/hoje-em-dia-as-pessoas-preferem-ver-as-horas-pelo-celular-do-que-em-um-relogio\/","title":{"rendered":"Hoje as pessoas preferem ver as horas pelo celular, mas ainda tem os que se interessam pela relojoaria"},"content":{"rendered":"<p><span style=\"font-weight: 400;\">A relojoaria come\u00e7ou a ganhar for\u00e7a com a aboli\u00e7\u00e3o da escravatura e com a vinda de imigrantes europeus para o Brasil. Profiss\u00e3o antiga, artesanal,\u00a0 o of\u00edcio da relojoaria foi perdendo espa\u00e7o com o avan\u00e7o da tecnologia, j\u00e1 que as formas de trabalho manuais e artesanais passaram a ser consideradas obsoletas, mas o\u00a0relojoeiro Carlos Zimmermann conta que apesar da mudan\u00e7a da tecnologia, ele ainda tem uma boa demanda de conserto de rel\u00f3gios. Mesmo com as mudan\u00e7as tecnol\u00f3gicas, ele\u00a0 acredita que sua profiss\u00e3o n\u00e3o vai acabar totalmente em um futuro pr\u00f3ximo, pois ainda tem muita gente que se interessa pelo of\u00edcio.<\/span><\/p>\n<p>&nbsp;<\/p>\n<figure id=\"attachment_1704\" aria-describedby=\"caption-attachment-1704\" style=\"width: 740px\" class=\"wp-caption aligncenter\"><img fetchpriority=\"high\" decoding=\"async\" class=\"wp-image-1704\" src=\"https:\/\/jornalismounaerp.com.br\/faro\/wp-content\/uploads\/2024\/11\/DSC_0225-Copia-300x200.jpg\" alt=\"\" width=\"740\" height=\"493\" srcset=\"https:\/\/jornalismounaerp.com.br\/faro\/wp-content\/uploads\/2024\/11\/DSC_0225-Copia-300x200.jpg 300w, https:\/\/jornalismounaerp.com.br\/faro\/wp-content\/uploads\/2024\/11\/DSC_0225-Copia-1024x682.jpg 1024w, https:\/\/jornalismounaerp.com.br\/faro\/wp-content\/uploads\/2024\/11\/DSC_0225-Copia-768x512.jpg 768w, https:\/\/jornalismounaerp.com.br\/faro\/wp-content\/uploads\/2024\/11\/DSC_0225-Copia.jpg 1280w\" sizes=\"(max-width: 740px) 100vw, 740px\" \/><figcaption id=\"caption-attachment-1704\" class=\"wp-caption-text\">&#8220;\u00c9 um aprendizado eterno, ent\u00e3o voc\u00ea nunca pode parar de aprender.&#8221;<\/figcaption><\/figure>\n","protected":false},"excerpt":{"rendered":"<p>A relojoaria come\u00e7ou a ganhar for\u00e7a com a aboli\u00e7\u00e3o da escravatura e com a vinda de imigrantes europeus para o Brasil. Profiss\u00e3o antiga, artesanal,\u00a0 o of\u00edcio da relojoaria foi perdendo espa\u00e7o com o avan\u00e7o da tecnologia, j\u00e1 que as formas de trabalho manuais e artesanais passaram a ser consideradas obsoletas, mas o\u00a0relojoeiro Carlos Zimmermann conta [&hellip;]<\/p>\n","protected":false},"author":17,"featured_media":1704,"comment_status":"closed","ping_status":"closed","sticky":false,"template":"","format":"standard","meta":{"footnotes":""},"categories":[57],"tags":[42,29,40,41,32],"class_list":["post-1170","post","type-post","status-publish","format-standard","has-post-thumbnail","hentry","category-hyperlinks","tag-horas","tag-profissao","tag-relogio","tag-tempo","tag-trabalho"],"yoast_head":"<!-- This site is optimized with the Yoast SEO plugin v27.2 - https:\/\/yoast.com\/product\/yoast-seo-wordpress\/ -->\n<title>Hoje as pessoas preferem ver as horas pelo celular, mas ainda tem os que se interessam pela relojoaria &#8211; FARO<\/title>\n<meta name=\"description\" content=\"Por: Jos\u00e9 Renato Vitorino de Fran\u00e7a e Vit\u00f3ria Cristina Gomes\" \/>\n<meta name=\"robots\" content=\"index, follow, max-snippet:-1, max-image-preview:large, max-video-preview:-1\" \/>\n<link rel=\"canonical\" href=\"https:\/\/jornalismounaerp.com.br\/faro\/hoje-em-dia-as-pessoas-preferem-ver-as-horas-pelo-celular-do-que-em-um-relogio\/\" \/>\n<meta property=\"og:locale\" content=\"pt_BR\" \/>\n<meta property=\"og:type\" content=\"article\" \/>\n<meta property=\"og:title\" content=\"Hoje as pessoas preferem ver as horas pelo celular, mas ainda tem os que se interessam pela relojoaria &#8211; FARO\" \/>\n<meta property=\"og:description\" content=\"Por: Jos\u00e9 Renato Vitorino de Fran\u00e7a e Vit\u00f3ria Cristina Gomes\" \/>\n<meta property=\"og:url\" content=\"https:\/\/jornalismounaerp.com.br\/faro\/hoje-em-dia-as-pessoas-preferem-ver-as-horas-pelo-celular-do-que-em-um-relogio\/\" \/>\n<meta property=\"og:site_name\" content=\"FARO\" \/>\n<meta property=\"article:published_time\" content=\"2024-11-28T00:08:02+00:00\" \/>\n<meta property=\"article:modified_time\" content=\"2024-11-28T23:44:10+00:00\" \/>\n<meta property=\"og:image\" content=\"https:\/\/jornalismounaerp.com.br\/faro\/wp-content\/uploads\/2024\/11\/DSC_0225-Copia.jpg\" \/>\n\t<meta property=\"og:image:width\" content=\"1280\" \/>\n\t<meta property=\"og:image:height\" content=\"853\" \/>\n\t<meta property=\"og:image:type\" content=\"image\/jpeg\" \/>\n<meta name=\"author\" content=\"Jos\u00e9 Renato Vitorino de Fran\u00e7a\" \/>\n<meta name=\"twitter:card\" content=\"summary_large_image\" \/>\n<meta name=\"twitter:label1\" content=\"Escrito por\" \/>\n\t<meta name=\"twitter:data1\" content=\"Jos\u00e9 Renato Vitorino de Fran\u00e7a\" \/>\n\t<meta name=\"twitter:label2\" content=\"Est. tempo de leitura\" \/>\n\t<meta name=\"twitter:data2\" content=\"2 minutos\" \/>\n<script type=\"application\/ld+json\" class=\"yoast-schema-graph\">{\"@context\":\"https:\/\/schema.org\",\"@graph\":[{\"@type\":\"Article\",\"@id\":\"https:\/\/jornalismounaerp.com.br\/faro\/hoje-em-dia-as-pessoas-preferem-ver-as-horas-pelo-celular-do-que-em-um-relogio\/#article\",\"isPartOf\":{\"@id\":\"https:\/\/jornalismounaerp.com.br\/faro\/hoje-em-dia-as-pessoas-preferem-ver-as-horas-pelo-celular-do-que-em-um-relogio\/\"},\"author\":{\"name\":\"Jos\u00e9 Renato Vitorino de Fran\u00e7a\",\"@id\":\"https:\/\/jornalismounaerp.com.br\/faro\/#\/schema\/person\/61a627b355e99f2725f67d38eaa16510\"},\"headline\":\"Hoje as pessoas preferem ver as horas pelo celular, mas ainda tem os que se interessam pela relojoaria\",\"datePublished\":\"2024-11-28T00:08:02+00:00\",\"dateModified\":\"2024-11-28T23:44:10+00:00\",\"mainEntityOfPage\":{\"@id\":\"https:\/\/jornalismounaerp.com.br\/faro\/hoje-em-dia-as-pessoas-preferem-ver-as-horas-pelo-celular-do-que-em-um-relogio\/\"},\"wordCount\":152,\"publisher\":{\"@id\":\"https:\/\/jornalismounaerp.com.br\/faro\/#organization\"},\"image\":{\"@id\":\"https:\/\/jornalismounaerp.com.br\/faro\/hoje-em-dia-as-pessoas-preferem-ver-as-horas-pelo-celular-do-que-em-um-relogio\/#primaryimage\"},\"thumbnailUrl\":\"https:\/\/jornalismounaerp.com.br\/faro\/wp-content\/uploads\/2024\/11\/DSC_0225-Copia.jpg\",\"keywords\":[\"Horas\",\"Profiss\u00e3o\",\"Rel\u00f3gio\",\"Tempo\",\"Trabalho\"],\"articleSection\":[\"Hyperlinks\"],\"inLanguage\":\"pt-BR\"},{\"@type\":\"WebPage\",\"@id\":\"https:\/\/jornalismounaerp.com.br\/faro\/hoje-em-dia-as-pessoas-preferem-ver-as-horas-pelo-celular-do-que-em-um-relogio\/\",\"url\":\"https:\/\/jornalismounaerp.com.br\/faro\/hoje-em-dia-as-pessoas-preferem-ver-as-horas-pelo-celular-do-que-em-um-relogio\/\",\"name\":\"Hoje as pessoas preferem ver as horas pelo celular, mas ainda tem os que se interessam pela relojoaria &#8211; FARO\",\"isPartOf\":{\"@id\":\"https:\/\/jornalismounaerp.com.br\/faro\/#website\"},\"primaryImageOfPage\":{\"@id\":\"https:\/\/jornalismounaerp.com.br\/faro\/hoje-em-dia-as-pessoas-preferem-ver-as-horas-pelo-celular-do-que-em-um-relogio\/#primaryimage\"},\"image\":{\"@id\":\"https:\/\/jornalismounaerp.com.br\/faro\/hoje-em-dia-as-pessoas-preferem-ver-as-horas-pelo-celular-do-que-em-um-relogio\/#primaryimage\"},\"thumbnailUrl\":\"https:\/\/jornalismounaerp.com.br\/faro\/wp-content\/uploads\/2024\/11\/DSC_0225-Copia.jpg\",\"datePublished\":\"2024-11-28T00:08:02+00:00\",\"dateModified\":\"2024-11-28T23:44:10+00:00\",\"description\":\"Por: Jos\u00e9 Renato Vitorino de Fran\u00e7a e Vit\u00f3ria Cristina Gomes\",\"breadcrumb\":{\"@id\":\"https:\/\/jornalismounaerp.com.br\/faro\/hoje-em-dia-as-pessoas-preferem-ver-as-horas-pelo-celular-do-que-em-um-relogio\/#breadcrumb\"},\"inLanguage\":\"pt-BR\",\"potentialAction\":[{\"@type\":\"ReadAction\",\"target\":[\"https:\/\/jornalismounaerp.com.br\/faro\/hoje-em-dia-as-pessoas-preferem-ver-as-horas-pelo-celular-do-que-em-um-relogio\/\"]}]},{\"@type\":\"ImageObject\",\"inLanguage\":\"pt-BR\",\"@id\":\"https:\/\/jornalismounaerp.com.br\/faro\/hoje-em-dia-as-pessoas-preferem-ver-as-horas-pelo-celular-do-que-em-um-relogio\/#primaryimage\",\"url\":\"https:\/\/jornalismounaerp.com.br\/faro\/wp-content\/uploads\/2024\/11\/DSC_0225-Copia.jpg\",\"contentUrl\":\"https:\/\/jornalismounaerp.com.br\/faro\/wp-content\/uploads\/2024\/11\/DSC_0225-Copia.jpg\",\"width\":1280,\"height\":853},{\"@type\":\"BreadcrumbList\",\"@id\":\"https:\/\/jornalismounaerp.com.br\/faro\/hoje-em-dia-as-pessoas-preferem-ver-as-horas-pelo-celular-do-que-em-um-relogio\/#breadcrumb\",\"itemListElement\":[{\"@type\":\"ListItem\",\"position\":1,\"name\":\"In\u00edcio\",\"item\":\"https:\/\/jornalismounaerp.com.br\/faro\/\"},{\"@type\":\"ListItem\",\"position\":2,\"name\":\"Hyperlinks\",\"item\":\"https:\/\/jornalismounaerp.com.br\/faro\/hyperlinks\/\"},{\"@type\":\"ListItem\",\"position\":3,\"name\":\"Hoje as pessoas preferem ver as horas pelo celular, mas ainda tem os que se interessam pela relojoaria\"}]},{\"@type\":\"WebSite\",\"@id\":\"https:\/\/jornalismounaerp.com.br\/faro\/#website\",\"url\":\"https:\/\/jornalismounaerp.com.br\/faro\/\",\"name\":\"FARO\",\"description\":\"F\u00e1brica Acad\u00eamica de Reportagens On-line\",\"publisher\":{\"@id\":\"https:\/\/jornalismounaerp.com.br\/faro\/#organization\"},\"potentialAction\":[{\"@type\":\"SearchAction\",\"target\":{\"@type\":\"EntryPoint\",\"urlTemplate\":\"https:\/\/jornalismounaerp.com.br\/faro\/?s={search_term_string}\"},\"query-input\":{\"@type\":\"PropertyValueSpecification\",\"valueRequired\":true,\"valueName\":\"search_term_string\"}}],\"inLanguage\":\"pt-BR\"},{\"@type\":\"Organization\",\"@id\":\"https:\/\/jornalismounaerp.com.br\/faro\/#organization\",\"name\":\"F\u00e1brica Acad\u00eamica de Reportagens On-line\",\"url\":\"https:\/\/jornalismounaerp.com.br\/faro\/\",\"logo\":{\"@type\":\"ImageObject\",\"inLanguage\":\"pt-BR\",\"@id\":\"https:\/\/jornalismounaerp.com.br\/faro\/#\/schema\/logo\/image\/\",\"url\":\"https:\/\/jornalismounaerp.com.br\/faro\/wp-content\/uploads\/2024\/10\/farosocial.jpg\",\"contentUrl\":\"https:\/\/jornalismounaerp.com.br\/faro\/wp-content\/uploads\/2024\/10\/farosocial.jpg\",\"width\":600,\"height\":400,\"caption\":\"F\u00e1brica Acad\u00eamica de Reportagens On-line\"},\"image\":{\"@id\":\"https:\/\/jornalismounaerp.com.br\/faro\/#\/schema\/logo\/image\/\"}},{\"@type\":\"Person\",\"@id\":\"https:\/\/jornalismounaerp.com.br\/faro\/#\/schema\/person\/61a627b355e99f2725f67d38eaa16510\",\"name\":\"Jos\u00e9 Renato Vitorino de Fran\u00e7a\",\"image\":{\"@type\":\"ImageObject\",\"inLanguage\":\"pt-BR\",\"@id\":\"https:\/\/secure.gravatar.com\/avatar\/333d9efbbe8b139a47624ad7e27cb66a8c4bc4ea76771cd3cc37d557b758d525?s=96&d=mm&r=g\",\"url\":\"https:\/\/secure.gravatar.com\/avatar\/333d9efbbe8b139a47624ad7e27cb66a8c4bc4ea76771cd3cc37d557b758d525?s=96&d=mm&r=g\",\"contentUrl\":\"https:\/\/secure.gravatar.com\/avatar\/333d9efbbe8b139a47624ad7e27cb66a8c4bc4ea76771cd3cc37d557b758d525?s=96&d=mm&r=g\",\"caption\":\"Jos\u00e9 Renato Vitorino de Fran\u00e7a\"},\"url\":\"https:\/\/jornalismounaerp.com.br\/faro\/author\/jose-franca\/\"}]}<\/script>\n<!-- \/ Yoast SEO plugin. -->","yoast_head_json":{"title":"Hoje as pessoas preferem ver as horas pelo celular, mas ainda tem os que se interessam pela relojoaria &#8211; FARO","description":"Por: Jos\u00e9 Renato Vitorino de Fran\u00e7a e Vit\u00f3ria Cristina Gomes","robots":{"index":"index","follow":"follow","max-snippet":"max-snippet:-1","max-image-preview":"max-image-preview:large","max-video-preview":"max-video-preview:-1"},"canonical":"https:\/\/jornalismounaerp.com.br\/faro\/hoje-em-dia-as-pessoas-preferem-ver-as-horas-pelo-celular-do-que-em-um-relogio\/","og_locale":"pt_BR","og_type":"article","og_title":"Hoje as pessoas preferem ver as horas pelo celular, mas ainda tem os que se interessam pela relojoaria &#8211; FARO","og_description":"Por: Jos\u00e9 Renato Vitorino de Fran\u00e7a e Vit\u00f3ria Cristina Gomes","og_url":"https:\/\/jornalismounaerp.com.br\/faro\/hoje-em-dia-as-pessoas-preferem-ver-as-horas-pelo-celular-do-que-em-um-relogio\/","og_site_name":"FARO","article_published_time":"2024-11-28T00:08:02+00:00","article_modified_time":"2024-11-28T23:44:10+00:00","og_image":[{"width":1280,"height":853,"url":"https:\/\/jornalismounaerp.com.br\/faro\/wp-content\/uploads\/2024\/11\/DSC_0225-Copia.jpg","type":"image\/jpeg"}],"author":"Jos\u00e9 Renato Vitorino de Fran\u00e7a","twitter_card":"summary_large_image","twitter_misc":{"Escrito por":"Jos\u00e9 Renato Vitorino de Fran\u00e7a","Est. tempo de leitura":"2 minutos"},"schema":{"@context":"https:\/\/schema.org","@graph":[{"@type":"Article","@id":"https:\/\/jornalismounaerp.com.br\/faro\/hoje-em-dia-as-pessoas-preferem-ver-as-horas-pelo-celular-do-que-em-um-relogio\/#article","isPartOf":{"@id":"https:\/\/jornalismounaerp.com.br\/faro\/hoje-em-dia-as-pessoas-preferem-ver-as-horas-pelo-celular-do-que-em-um-relogio\/"},"author":{"name":"Jos\u00e9 Renato Vitorino de Fran\u00e7a","@id":"https:\/\/jornalismounaerp.com.br\/faro\/#\/schema\/person\/61a627b355e99f2725f67d38eaa16510"},"headline":"Hoje as pessoas preferem ver as horas pelo celular, mas ainda tem os que se interessam pela relojoaria","datePublished":"2024-11-28T00:08:02+00:00","dateModified":"2024-11-28T23:44:10+00:00","mainEntityOfPage":{"@id":"https:\/\/jornalismounaerp.com.br\/faro\/hoje-em-dia-as-pessoas-preferem-ver-as-horas-pelo-celular-do-que-em-um-relogio\/"},"wordCount":152,"publisher":{"@id":"https:\/\/jornalismounaerp.com.br\/faro\/#organization"},"image":{"@id":"https:\/\/jornalismounaerp.com.br\/faro\/hoje-em-dia-as-pessoas-preferem-ver-as-horas-pelo-celular-do-que-em-um-relogio\/#primaryimage"},"thumbnailUrl":"https:\/\/jornalismounaerp.com.br\/faro\/wp-content\/uploads\/2024\/11\/DSC_0225-Copia.jpg","keywords":["Horas","Profiss\u00e3o","Rel\u00f3gio","Tempo","Trabalho"],"articleSection":["Hyperlinks"],"inLanguage":"pt-BR"},{"@type":"WebPage","@id":"https:\/\/jornalismounaerp.com.br\/faro\/hoje-em-dia-as-pessoas-preferem-ver-as-horas-pelo-celular-do-que-em-um-relogio\/","url":"https:\/\/jornalismounaerp.com.br\/faro\/hoje-em-dia-as-pessoas-preferem-ver-as-horas-pelo-celular-do-que-em-um-relogio\/","name":"Hoje as pessoas preferem ver as horas pelo celular, mas ainda tem os que se interessam pela relojoaria &#8211; FARO","isPartOf":{"@id":"https:\/\/jornalismounaerp.com.br\/faro\/#website"},"primaryImageOfPage":{"@id":"https:\/\/jornalismounaerp.com.br\/faro\/hoje-em-dia-as-pessoas-preferem-ver-as-horas-pelo-celular-do-que-em-um-relogio\/#primaryimage"},"image":{"@id":"https:\/\/jornalismounaerp.com.br\/faro\/hoje-em-dia-as-pessoas-preferem-ver-as-horas-pelo-celular-do-que-em-um-relogio\/#primaryimage"},"thumbnailUrl":"https:\/\/jornalismounaerp.com.br\/faro\/wp-content\/uploads\/2024\/11\/DSC_0225-Copia.jpg","datePublished":"2024-11-28T00:08:02+00:00","dateModified":"2024-11-28T23:44:10+00:00","description":"Por: Jos\u00e9 Renato Vitorino de Fran\u00e7a e Vit\u00f3ria Cristina Gomes","breadcrumb":{"@id":"https:\/\/jornalismounaerp.com.br\/faro\/hoje-em-dia-as-pessoas-preferem-ver-as-horas-pelo-celular-do-que-em-um-relogio\/#breadcrumb"},"inLanguage":"pt-BR","potentialAction":[{"@type":"ReadAction","target":["https:\/\/jornalismounaerp.com.br\/faro\/hoje-em-dia-as-pessoas-preferem-ver-as-horas-pelo-celular-do-que-em-um-relogio\/"]}]},{"@type":"ImageObject","inLanguage":"pt-BR","@id":"https:\/\/jornalismounaerp.com.br\/faro\/hoje-em-dia-as-pessoas-preferem-ver-as-horas-pelo-celular-do-que-em-um-relogio\/#primaryimage","url":"https:\/\/jornalismounaerp.com.br\/faro\/wp-content\/uploads\/2024\/11\/DSC_0225-Copia.jpg","contentUrl":"https:\/\/jornalismounaerp.com.br\/faro\/wp-content\/uploads\/2024\/11\/DSC_0225-Copia.jpg","width":1280,"height":853},{"@type":"BreadcrumbList","@id":"https:\/\/jornalismounaerp.com.br\/faro\/hoje-em-dia-as-pessoas-preferem-ver-as-horas-pelo-celular-do-que-em-um-relogio\/#breadcrumb","itemListElement":[{"@type":"ListItem","position":1,"name":"In\u00edcio","item":"https:\/\/jornalismounaerp.com.br\/faro\/"},{"@type":"ListItem","position":2,"name":"Hyperlinks","item":"https:\/\/jornalismounaerp.com.br\/faro\/hyperlinks\/"},{"@type":"ListItem","position":3,"name":"Hoje as pessoas preferem ver as horas pelo celular, mas ainda tem os que se interessam pela relojoaria"}]},{"@type":"WebSite","@id":"https:\/\/jornalismounaerp.com.br\/faro\/#website","url":"https:\/\/jornalismounaerp.com.br\/faro\/","name":"FARO","description":"F\u00e1brica Acad\u00eamica de Reportagens On-line","publisher":{"@id":"https:\/\/jornalismounaerp.com.br\/faro\/#organization"},"potentialAction":[{"@type":"SearchAction","target":{"@type":"EntryPoint","urlTemplate":"https:\/\/jornalismounaerp.com.br\/faro\/?s={search_term_string}"},"query-input":{"@type":"PropertyValueSpecification","valueRequired":true,"valueName":"search_term_string"}}],"inLanguage":"pt-BR"},{"@type":"Organization","@id":"https:\/\/jornalismounaerp.com.br\/faro\/#organization","name":"F\u00e1brica Acad\u00eamica de Reportagens On-line","url":"https:\/\/jornalismounaerp.com.br\/faro\/","logo":{"@type":"ImageObject","inLanguage":"pt-BR","@id":"https:\/\/jornalismounaerp.com.br\/faro\/#\/schema\/logo\/image\/","url":"https:\/\/jornalismounaerp.com.br\/faro\/wp-content\/uploads\/2024\/10\/farosocial.jpg","contentUrl":"https:\/\/jornalismounaerp.com.br\/faro\/wp-content\/uploads\/2024\/10\/farosocial.jpg","width":600,"height":400,"caption":"F\u00e1brica Acad\u00eamica de Reportagens On-line"},"image":{"@id":"https:\/\/jornalismounaerp.com.br\/faro\/#\/schema\/logo\/image\/"}},{"@type":"Person","@id":"https:\/\/jornalismounaerp.com.br\/faro\/#\/schema\/person\/61a627b355e99f2725f67d38eaa16510","name":"Jos\u00e9 Renato Vitorino de Fran\u00e7a","image":{"@type":"ImageObject","inLanguage":"pt-BR","@id":"https:\/\/secure.gravatar.com\/avatar\/333d9efbbe8b139a47624ad7e27cb66a8c4bc4ea76771cd3cc37d557b758d525?s=96&d=mm&r=g","url":"https:\/\/secure.gravatar.com\/avatar\/333d9efbbe8b139a47624ad7e27cb66a8c4bc4ea76771cd3cc37d557b758d525?s=96&d=mm&r=g","contentUrl":"https:\/\/secure.gravatar.com\/avatar\/333d9efbbe8b139a47624ad7e27cb66a8c4bc4ea76771cd3cc37d557b758d525?s=96&d=mm&r=g","caption":"Jos\u00e9 Renato Vitorino de Fran\u00e7a"},"url":"https:\/\/jornalismounaerp.com.br\/faro\/author\/jose-franca\/"}]}},"_links":{"self":[{"href":"https:\/\/jornalismounaerp.com.br\/faro\/wp-json\/wp\/v2\/posts\/1170","targetHints":{"allow":["GET"]}}],"collection":[{"href":"https:\/\/jornalismounaerp.com.br\/faro\/wp-json\/wp\/v2\/posts"}],"about":[{"href":"https:\/\/jornalismounaerp.com.br\/faro\/wp-json\/wp\/v2\/types\/post"}],"author":[{"embeddable":true,"href":"https:\/\/jornalismounaerp.com.br\/faro\/wp-json\/wp\/v2\/users\/17"}],"replies":[{"embeddable":true,"href":"https:\/\/jornalismounaerp.com.br\/faro\/wp-json\/wp\/v2\/comments?post=1170"}],"version-history":[{"count":0,"href":"https:\/\/jornalismounaerp.com.br\/faro\/wp-json\/wp\/v2\/posts\/1170\/revisions"}],"wp:featuredmedia":[{"embeddable":true,"href":"https:\/\/jornalismounaerp.com.br\/faro\/wp-json\/wp\/v2\/media\/1704"}],"wp:attachment":[{"href":"https:\/\/jornalismounaerp.com.br\/faro\/wp-json\/wp\/v2\/media?parent=1170"}],"wp:term":[{"taxonomy":"category","embeddable":true,"href":"https:\/\/jornalismounaerp.com.br\/faro\/wp-json\/wp\/v2\/categories?post=1170"},{"taxonomy":"post_tag","embeddable":true,"href":"https:\/\/jornalismounaerp.com.br\/faro\/wp-json\/wp\/v2\/tags?post=1170"}],"curies":[{"name":"wp","href":"https:\/\/api.w.org\/{rel}","templated":true}]}}