{"id":1207,"date":"2024-11-26T19:22:33","date_gmt":"2024-11-26T22:22:33","guid":{"rendered":"https:\/\/jornalismounaerp.com.br\/faro\/?p=1207"},"modified":"2024-11-28T20:22:18","modified_gmt":"2024-11-28T23:22:18","slug":"vamos-cuidar-do-nosso-quintal","status":"publish","type":"post","link":"https:\/\/jornalismounaerp.com.br\/faro\/vamos-cuidar-do-nosso-quintal\/","title":{"rendered":"&#8220;Vamos cuidar do nosso quintal&#8221;"},"content":{"rendered":"<p><span style=\"font-weight: 400;\">Para\u00a0 Marcelo Pereira de Souza, a educa\u00e7\u00e3o ambiental \u00e9 essencial para se pensar a possibilidade de um futuro clim\u00e1tico. Contudo, trata-se de um processo complexo que esbarra em interesses pol\u00edticos e econ\u00f4micos. Souza, \u00e9 professor titular do Departamento de Biologia da Faculdade de Filosofia, Ci\u00eancias e Letras da USP-RP, especialista em Gest\u00e3o Ambiental e presidente da Associa\u00e7\u00e3o Ecol\u00f3gica e Cultural Pau Brasil.\u00a0<\/span><\/p>\n<p><b>Como as recentes queimadas que est\u00e3o assolando o pa\u00eds, podem impactar a vida nas cidades?<\/b><br \/>\n<span style=\"font-weight: 400;\">Afeta todo mundo. Uma polui\u00e7\u00e3o danada, voc\u00ea n\u00e3o v\u00ea? Toda vez que o p\u00f4r do sol est\u00e1 muito bonito, \u00e9 porque h\u00e1 muita polui\u00e7\u00e3o. No fim de setembro, n\u00e3o choveu. Essas queimadas t\u00eam liga\u00e7\u00e3o direta com iss<\/span><span style=\"font-weight: 400;\">o. N\u00e3o temos \u00e1gua<\/span><span style=\"font-weight: 400;\"> nos corpos d&#8217;\u00e1gua, em reservat\u00f3rio, na umidade relativa do ar, uma secura. Afeta a vida, n\u00e3o apenas dos seres humanos, mas dos p\u00e1ssaros. Era \u00e9poca de procria\u00e7\u00e3o. Cad\u00ea a sabiazada cantando? Eles n\u00e3o t\u00eam alimentos, que acabaram com os insetos, ent\u00e3o n\u00e3o tem sabi\u00e1. Existe um livro famoso da d\u00e9cada de 1960, de uma autora que se chama Raquel Carson, que se chama \u201cA Primavera Silenciosa\u201d. \u00c9 o que est\u00e1 acontecendo.<\/span><\/p>\n<p><span style=\"font-weight: 400;\">Se na cidade n\u00f3s estamos sofrendo as consequ\u00eancias, na \u00e1rea rural \u00e9 uma cat\u00e1strofe, os ribeirinhos, os povos ind\u00edgenas, animais, \u00e9 uma cat\u00e1strofe. Lembre-se, eles n\u00e3o t\u00eam ticket de refei\u00e7\u00e3o, n\u00e3o t\u00eam supermercado. E se tem, n\u00e3o tem dinheiro. Isso, se chama fome. Quanto mais pobre, mais voc\u00ea paga a conta.<\/span><\/p>\n<p><b>Por que \u00e1reas verdes s\u00e3o t\u00e3o importantes no ambiente urbano?<\/b><br \/>\n<span style=\"font-weight: 400;\">As coisas est\u00e3o interligadas. <\/span><span style=\"font-weight: 400;\">Por exemplo, esse calor do c\u00e3o em Ribeir\u00e3o Preto, se tivesse uma arboriza\u00e7\u00e3o mais adequada, continuaria o calor, mas seria um c\u00e3o pequeno. Se h\u00e1 uma regi\u00e3o arborizada na cidade, essa regi\u00e3o \u00e9 muito mais agrad\u00e1vel. N\u00e3o apenas do ponto de vista f\u00edsico, mas do ponto de vista emocional.<\/span><\/p>\n<p><span style=\"font-weight: 400;\">Se voc\u00ea mede a temperatura pr\u00f3xima ao asfalto, onde voc\u00ea est\u00e1 andando, em edifica\u00e7\u00f5es, vai estar brincando 60, 65\u00baC. Porque o calor \u00e9 absorvido por esses materiais. Depois tem uma radia\u00e7\u00e3o. D\u00e1-se o nome disso de Ilhas de Calor. A modifica\u00e7\u00e3o do sistema natural para um sistema artificial traz v\u00e1rias consequ\u00eancias. Pior, se chove, quando voc\u00ea tem \u00e1rvore, eu costumo dizer que as gotas da chuva v\u00e3o conversando, ela vem escorrendo, galho, folha, at\u00e9 chegar no ch\u00e3o. Se voc\u00ea tem uma \u00e1rea imperme\u00e1vel, rapidamente inunda tudo. <\/span><span style=\"font-weight: 400;\">Portanto, se voc\u00ea estiver pensando em drenagem, \u00e9 muito melhor uma bacia com \u00e1rvore, chamamos de rugosidade.\u00a0<\/span><\/p>\n<figure id=\"attachment_1408\" aria-describedby=\"caption-attachment-1408\" style=\"width: 848px\" class=\"wp-caption alignnone\"><img fetchpriority=\"high\" decoding=\"async\" class=\"wp-image-1408\" src=\"https:\/\/jornalismounaerp.com.br\/faro\/wp-content\/uploads\/2024\/11\/MARCELO-300x200.png\" alt=\"\" width=\"848\" height=\"565\" srcset=\"https:\/\/jornalismounaerp.com.br\/faro\/wp-content\/uploads\/2024\/11\/MARCELO-300x200.png 300w, https:\/\/jornalismounaerp.com.br\/faro\/wp-content\/uploads\/2024\/11\/MARCELO-1024x683.png 1024w, https:\/\/jornalismounaerp.com.br\/faro\/wp-content\/uploads\/2024\/11\/MARCELO-768x512.png 768w, https:\/\/jornalismounaerp.com.br\/faro\/wp-content\/uploads\/2024\/11\/MARCELO.png 1280w\" sizes=\"(max-width: 848px) 100vw, 848px\" \/><figcaption id=\"caption-attachment-1408\" class=\"wp-caption-text\">Marcelo Pereira de Souza, professor titular do Departamento de Biologia da Faculdade de Filosofia, Ci\u00eancias e Letras da USP-RP e presidente da Associa\u00e7\u00e3o Ecol\u00f3gica e Cultural Pau Brasil<\/figcaption><\/figure>\n<p><b>Como amenizar o calor e outros sintomas subsequentes da seca hist\u00f3rica que enfrentamos nos \u00faltimos meses?\u00a0<\/b><br \/>\n<span style=\"font-weight: 400;\">Vamos cuidar do nosso quintal, vamos tentar plantar. Vai resolver? N\u00e3o. Mas com isso eu acabo me engajando mais. Eu penso que \u201c<strong><a href=\"https:\/\/jornalismounaerp.com.br\/faro\/?p=1012&amp;preview_id=1012&amp;preview_nonce=16522b9c91&amp;_thumbnail_id=1022&amp;preview=true\">T\u00e1 com Calor? Plante \u00c1rvore<\/a><\/strong>\u201d \u00e9 uma excelente iniciativa para as pessoas se mobilizarem. Lembra que n\u00f3s falamos que a sociedade \u00e9 massa de manobra, v\u00edtima? Voc\u00ea come\u00e7a a despertar na pessoa, o racioc\u00ednio cr\u00edtico para as coisas. Portanto, cuidar do seu jardim \u00e9 altamente educativo.\u00a0<\/span><\/p>\n<p><b>O qu\u00e3o longe a cidade est\u00e1 da meta estipulada pela OMS de 15m2 de \u00e1rea verde por habitante?\u00a0<\/b><br \/>\n<span style=\"font-weight: 400;\">Fica muito claro que Ribeir\u00e3o Preto n\u00e3o segue a lei. Na realidade, a legisla\u00e7\u00e3o fala em 20%. Se as pessoas seguissem a lei, ter\u00edamos 20%.\u00a0<\/span><\/p>\n<p><b>Qual seria o papel da sociedade frente a essa crise ambiental?\u00a0<\/b><br \/>\n<span style=\"font-weight: 400;\">A sociedade \u00e9 v\u00edtima do processo. Porque n\u00f3s temos uma educa\u00e7\u00e3o, que na realidade ela n\u00e3o \u00e9 uma educa\u00e7\u00e3o, \u00e9 um adestramento. N\u00f3s vivemos na terra de Paulo Freire. N\u00e3o combina ensino com militar. De alguma maneira, a ditadura militar, at\u00e9 1970, fez isso com o ensino p\u00fablico. Ela acabou com o ensino, para deixar a popula\u00e7\u00e3o sem perspectiva de realmente refletir sobre essa situa\u00e7\u00e3o. Uma pessoa que n\u00e3o reflete, aceita as coisas. As pessoas hoje levam a culpa do mundo nas costas. Isso para quem domina, do ponto de vista econ\u00f4mico, \u00e9 uma perfei\u00e7\u00e3o. Tem uma m\u00e3o de obra barata e que n\u00e3o abre a boca. Com isso, o Brasil passou por um per\u00edodo, que ainda est\u00e1 passando, de extrema concentra\u00e7\u00e3o de renda, riqueza e empobrecimento da popula\u00e7\u00e3o.<\/span><\/p>\n<p><span style=\"font-weight: 400;\">O que tem que fazer? Resgatar a escola p\u00fablica, n\u00e3o militarizar, ao contr\u00e1rio. Fazer com que as pessoas raciocinem, pensem, sejam cr\u00edticas ao processo. Isso \u00e9 pol\u00edtica p\u00fablica, tem que ter pol\u00edtica p\u00fablica educacional para que eu possa cobrar alguma coisa dessa popula\u00e7\u00e3o.\u00a0<\/span><\/p>\n<p><b>Voc\u00eas est\u00e3o tentando validar um projeto de lei aqui em Ribeir\u00e3o Preto, que \u00e9 sobre arboriza\u00e7\u00e3o municipal. A Prefeitura de Ribeir\u00e3o Preto, tem algum interesse em trabalhar?\u00a0<\/b><\/p>\n<p><span style=\"font-weight: 400;\">Nenhum interesse. O poder p\u00fablico de Ribeir\u00e3o Preto representa o agroneg\u00f3cio, que representa os interesses das empresas que fazem loteamento e constru\u00e7\u00e3o civil. Ent\u00e3o, se voc\u00ea falar para um cara desse que ele vai ter que largar a \u00e1rea verde no lugar de vender lote, ele fala \u201cde jeito nenhum\u201d.<\/span><\/p>\n<p><b>Qual a import\u00e2ncia de pol\u00edticas p\u00fablicas nesse momento de crise clim\u00e1tica?<\/b><br \/>\n<span style=\"font-weight: 400;\">A pol\u00edtica p\u00fablica vem atrav\u00e9s da mobiliza\u00e7\u00e3o da sociedade. A sociedade s\u00f3 se mobiliza a partir da educa\u00e7\u00e3o.\u00a0<\/span><\/p>\n<p><b>Ent\u00e3o se n\u00e3o se reeducar a popula\u00e7\u00e3o para passar isso para as pr\u00f3ximas gera\u00e7\u00f5es, n\u00e3o teremos mudan\u00e7as?<\/b><br \/>\n<span style=\"font-weight: 400;\">Esse \u00e9 um aspecto pontual, importante. \u00c9 necess\u00e1rio, mas n\u00e3o \u00e9 suficiente. Voc\u00ea pega Ribeir\u00e3o Preto, que \u00e9 abastecida 100% por \u00e1gua subterr\u00e2nea. O poder econ\u00f4mico das construtoras quer fazer mais pr\u00e9dios por quarteir\u00e3o, para poder vender mais apartamentos. O abastecimento subterr\u00e2neo n\u00e3o comporta isso. Ent\u00e3o, ao inv\u00e9s de se contentar, eles falam em tratar a \u00e1gua do Rio Pardo, para abastecer o lucro deles. \u00c9 o fim da picada, n\u00e9? Ent\u00e3o, precisamos tomar um pouco de cuidado porque n\u00e3o existe pol\u00edtica p\u00fablica sem os dois elos, a sociedade e o poder p\u00fablico.<\/span><\/p>\n<p><strong>LEIA MAIS:<\/strong> <strong><br \/>\n<a href=\"https:\/\/jornalismounaerp.com.br\/faro\/?p=1012&amp;preview_id=1012&amp;preview_nonce=16522b9c91&amp;_thumbnail_id=1022&amp;preview=true\">Movimento defende a amplia\u00e7\u00e3o da arboriza\u00e7\u00e3o em Ribeir\u00e3o Preto<\/a><\/strong><\/p>\n<p>&nbsp;<\/p>\n","protected":false},"excerpt":{"rendered":"<p>Para\u00a0 Marcelo Pereira de Souza, a educa\u00e7\u00e3o ambiental \u00e9 essencial para se pensar a possibilidade de um futuro clim\u00e1tico. Contudo, trata-se de um processo complexo que esbarra em interesses pol\u00edticos e econ\u00f4micos. Souza, \u00e9 professor titular do Departamento de Biologia da Faculdade de Filosofia, Ci\u00eancias e Letras da USP-RP, especialista em Gest\u00e3o Ambiental e presidente [&hellip;]<\/p>\n","protected":false},"author":38,"featured_media":1408,"comment_status":"closed","ping_status":"closed","sticky":false,"template":"","format":"standard","meta":{"footnotes":""},"categories":[57],"tags":[51,52,19],"class_list":["post-1207","post","type-post","status-publish","format-standard","has-post-thumbnail","hentry","category-hyperlinks","tag-arvores","tag-ong","tag-politicas-publicas"],"yoast_head":"<!-- This site is optimized with the Yoast SEO plugin v27.2 - https:\/\/yoast.com\/product\/yoast-seo-wordpress\/ -->\n<title>&quot;Vamos cuidar do nosso quintal&quot; &#8211; FARO<\/title>\n<meta name=\"description\" content=\"Por: Joyce Pezzato e Thais Etelvino\" \/>\n<meta name=\"robots\" content=\"index, follow, max-snippet:-1, max-image-preview:large, max-video-preview:-1\" \/>\n<link rel=\"canonical\" href=\"https:\/\/jornalismounaerp.com.br\/faro\/vamos-cuidar-do-nosso-quintal\/\" \/>\n<meta property=\"og:locale\" content=\"pt_BR\" \/>\n<meta property=\"og:type\" content=\"article\" \/>\n<meta property=\"og:title\" content=\"&quot;Vamos cuidar do nosso quintal&quot; &#8211; FARO\" \/>\n<meta property=\"og:description\" content=\"Por: Joyce Pezzato e Thais Etelvino\" \/>\n<meta property=\"og:url\" content=\"https:\/\/jornalismounaerp.com.br\/faro\/vamos-cuidar-do-nosso-quintal\/\" \/>\n<meta property=\"og:site_name\" content=\"FARO\" \/>\n<meta property=\"article:published_time\" content=\"2024-11-26T22:22:33+00:00\" \/>\n<meta property=\"article:modified_time\" content=\"2024-11-28T23:22:18+00:00\" \/>\n<meta property=\"og:image\" content=\"https:\/\/jornalismounaerp.com.br\/faro\/wp-content\/uploads\/2024\/11\/MARCELO-1024x683.png\" \/>\n\t<meta property=\"og:image:width\" content=\"1024\" \/>\n\t<meta property=\"og:image:height\" content=\"683\" \/>\n\t<meta property=\"og:image:type\" content=\"image\/png\" \/>\n<meta name=\"author\" content=\"Joyce Pezzato Carolino\" \/>\n<meta name=\"twitter:card\" content=\"summary_large_image\" \/>\n<meta name=\"twitter:label1\" content=\"Escrito por\" \/>\n\t<meta name=\"twitter:data1\" content=\"Joyce Pezzato Carolino\" \/>\n\t<meta name=\"twitter:label2\" content=\"Est. tempo de leitura\" \/>\n\t<meta name=\"twitter:data2\" content=\"6 minutos\" \/>\n<script type=\"application\/ld+json\" class=\"yoast-schema-graph\">{\"@context\":\"https:\/\/schema.org\",\"@graph\":[{\"@type\":\"Article\",\"@id\":\"https:\/\/jornalismounaerp.com.br\/faro\/vamos-cuidar-do-nosso-quintal\/#article\",\"isPartOf\":{\"@id\":\"https:\/\/jornalismounaerp.com.br\/faro\/vamos-cuidar-do-nosso-quintal\/\"},\"author\":{\"name\":\"Joyce Pezzato Carolino\",\"@id\":\"https:\/\/jornalismounaerp.com.br\/faro\/#\/schema\/person\/cb5a92b970bb81d3a47c2fd4384af0d2\"},\"headline\":\"&#8220;Vamos cuidar do nosso quintal&#8221;\",\"datePublished\":\"2024-11-26T22:22:33+00:00\",\"dateModified\":\"2024-11-28T23:22:18+00:00\",\"mainEntityOfPage\":{\"@id\":\"https:\/\/jornalismounaerp.com.br\/faro\/vamos-cuidar-do-nosso-quintal\/\"},\"wordCount\":1103,\"publisher\":{\"@id\":\"https:\/\/jornalismounaerp.com.br\/faro\/#organization\"},\"image\":{\"@id\":\"https:\/\/jornalismounaerp.com.br\/faro\/vamos-cuidar-do-nosso-quintal\/#primaryimage\"},\"thumbnailUrl\":\"https:\/\/jornalismounaerp.com.br\/faro\/wp-content\/uploads\/2024\/11\/MARCELO.png\",\"keywords\":[\"\u00e1rvores\",\"ong\",\"pol\u00edticas p\u00fablicas\"],\"articleSection\":[\"Hyperlinks\"],\"inLanguage\":\"pt-BR\"},{\"@type\":\"WebPage\",\"@id\":\"https:\/\/jornalismounaerp.com.br\/faro\/vamos-cuidar-do-nosso-quintal\/\",\"url\":\"https:\/\/jornalismounaerp.com.br\/faro\/vamos-cuidar-do-nosso-quintal\/\",\"name\":\"\\\"Vamos cuidar do nosso quintal\\\" &#8211; FARO\",\"isPartOf\":{\"@id\":\"https:\/\/jornalismounaerp.com.br\/faro\/#website\"},\"primaryImageOfPage\":{\"@id\":\"https:\/\/jornalismounaerp.com.br\/faro\/vamos-cuidar-do-nosso-quintal\/#primaryimage\"},\"image\":{\"@id\":\"https:\/\/jornalismounaerp.com.br\/faro\/vamos-cuidar-do-nosso-quintal\/#primaryimage\"},\"thumbnailUrl\":\"https:\/\/jornalismounaerp.com.br\/faro\/wp-content\/uploads\/2024\/11\/MARCELO.png\",\"datePublished\":\"2024-11-26T22:22:33+00:00\",\"dateModified\":\"2024-11-28T23:22:18+00:00\",\"description\":\"Por: Joyce Pezzato e Thais Etelvino\",\"breadcrumb\":{\"@id\":\"https:\/\/jornalismounaerp.com.br\/faro\/vamos-cuidar-do-nosso-quintal\/#breadcrumb\"},\"inLanguage\":\"pt-BR\",\"potentialAction\":[{\"@type\":\"ReadAction\",\"target\":[\"https:\/\/jornalismounaerp.com.br\/faro\/vamos-cuidar-do-nosso-quintal\/\"]}]},{\"@type\":\"ImageObject\",\"inLanguage\":\"pt-BR\",\"@id\":\"https:\/\/jornalismounaerp.com.br\/faro\/vamos-cuidar-do-nosso-quintal\/#primaryimage\",\"url\":\"https:\/\/jornalismounaerp.com.br\/faro\/wp-content\/uploads\/2024\/11\/MARCELO.png\",\"contentUrl\":\"https:\/\/jornalismounaerp.com.br\/faro\/wp-content\/uploads\/2024\/11\/MARCELO.png\",\"width\":1280,\"height\":854},{\"@type\":\"BreadcrumbList\",\"@id\":\"https:\/\/jornalismounaerp.com.br\/faro\/vamos-cuidar-do-nosso-quintal\/#breadcrumb\",\"itemListElement\":[{\"@type\":\"ListItem\",\"position\":1,\"name\":\"In\u00edcio\",\"item\":\"https:\/\/jornalismounaerp.com.br\/faro\/\"},{\"@type\":\"ListItem\",\"position\":2,\"name\":\"Hyperlinks\",\"item\":\"https:\/\/jornalismounaerp.com.br\/faro\/hyperlinks\/\"},{\"@type\":\"ListItem\",\"position\":3,\"name\":\"&#8220;Vamos cuidar do nosso quintal&#8221;\"}]},{\"@type\":\"WebSite\",\"@id\":\"https:\/\/jornalismounaerp.com.br\/faro\/#website\",\"url\":\"https:\/\/jornalismounaerp.com.br\/faro\/\",\"name\":\"FARO\",\"description\":\"F\u00e1brica Acad\u00eamica de Reportagens On-line\",\"publisher\":{\"@id\":\"https:\/\/jornalismounaerp.com.br\/faro\/#organization\"},\"potentialAction\":[{\"@type\":\"SearchAction\",\"target\":{\"@type\":\"EntryPoint\",\"urlTemplate\":\"https:\/\/jornalismounaerp.com.br\/faro\/?s={search_term_string}\"},\"query-input\":{\"@type\":\"PropertyValueSpecification\",\"valueRequired\":true,\"valueName\":\"search_term_string\"}}],\"inLanguage\":\"pt-BR\"},{\"@type\":\"Organization\",\"@id\":\"https:\/\/jornalismounaerp.com.br\/faro\/#organization\",\"name\":\"F\u00e1brica Acad\u00eamica de Reportagens On-line\",\"url\":\"https:\/\/jornalismounaerp.com.br\/faro\/\",\"logo\":{\"@type\":\"ImageObject\",\"inLanguage\":\"pt-BR\",\"@id\":\"https:\/\/jornalismounaerp.com.br\/faro\/#\/schema\/logo\/image\/\",\"url\":\"https:\/\/jornalismounaerp.com.br\/faro\/wp-content\/uploads\/2024\/10\/farosocial.jpg\",\"contentUrl\":\"https:\/\/jornalismounaerp.com.br\/faro\/wp-content\/uploads\/2024\/10\/farosocial.jpg\",\"width\":600,\"height\":400,\"caption\":\"F\u00e1brica Acad\u00eamica de Reportagens On-line\"},\"image\":{\"@id\":\"https:\/\/jornalismounaerp.com.br\/faro\/#\/schema\/logo\/image\/\"}},{\"@type\":\"Person\",\"@id\":\"https:\/\/jornalismounaerp.com.br\/faro\/#\/schema\/person\/cb5a92b970bb81d3a47c2fd4384af0d2\",\"name\":\"Joyce Pezzato Carolino\",\"image\":{\"@type\":\"ImageObject\",\"inLanguage\":\"pt-BR\",\"@id\":\"https:\/\/secure.gravatar.com\/avatar\/22fd79d85e991341350526b11fdde6222cbb7ee8c92b54841a7bb8e370257348?s=96&d=mm&r=g\",\"url\":\"https:\/\/secure.gravatar.com\/avatar\/22fd79d85e991341350526b11fdde6222cbb7ee8c92b54841a7bb8e370257348?s=96&d=mm&r=g\",\"contentUrl\":\"https:\/\/secure.gravatar.com\/avatar\/22fd79d85e991341350526b11fdde6222cbb7ee8c92b54841a7bb8e370257348?s=96&d=mm&r=g\",\"caption\":\"Joyce Pezzato Carolino\"},\"url\":\"https:\/\/jornalismounaerp.com.br\/faro\/author\/joyce-carolino\/\"}]}<\/script>\n<!-- \/ Yoast SEO plugin. -->","yoast_head_json":{"title":"\"Vamos cuidar do nosso quintal\" &#8211; FARO","description":"Por: Joyce Pezzato e Thais Etelvino","robots":{"index":"index","follow":"follow","max-snippet":"max-snippet:-1","max-image-preview":"max-image-preview:large","max-video-preview":"max-video-preview:-1"},"canonical":"https:\/\/jornalismounaerp.com.br\/faro\/vamos-cuidar-do-nosso-quintal\/","og_locale":"pt_BR","og_type":"article","og_title":"\"Vamos cuidar do nosso quintal\" &#8211; FARO","og_description":"Por: Joyce Pezzato e Thais Etelvino","og_url":"https:\/\/jornalismounaerp.com.br\/faro\/vamos-cuidar-do-nosso-quintal\/","og_site_name":"FARO","article_published_time":"2024-11-26T22:22:33+00:00","article_modified_time":"2024-11-28T23:22:18+00:00","og_image":[{"width":1024,"height":683,"url":"https:\/\/jornalismounaerp.com.br\/faro\/wp-content\/uploads\/2024\/11\/MARCELO-1024x683.png","type":"image\/png"}],"author":"Joyce Pezzato Carolino","twitter_card":"summary_large_image","twitter_misc":{"Escrito por":"Joyce Pezzato Carolino","Est. tempo de leitura":"6 minutos"},"schema":{"@context":"https:\/\/schema.org","@graph":[{"@type":"Article","@id":"https:\/\/jornalismounaerp.com.br\/faro\/vamos-cuidar-do-nosso-quintal\/#article","isPartOf":{"@id":"https:\/\/jornalismounaerp.com.br\/faro\/vamos-cuidar-do-nosso-quintal\/"},"author":{"name":"Joyce Pezzato Carolino","@id":"https:\/\/jornalismounaerp.com.br\/faro\/#\/schema\/person\/cb5a92b970bb81d3a47c2fd4384af0d2"},"headline":"&#8220;Vamos cuidar do nosso quintal&#8221;","datePublished":"2024-11-26T22:22:33+00:00","dateModified":"2024-11-28T23:22:18+00:00","mainEntityOfPage":{"@id":"https:\/\/jornalismounaerp.com.br\/faro\/vamos-cuidar-do-nosso-quintal\/"},"wordCount":1103,"publisher":{"@id":"https:\/\/jornalismounaerp.com.br\/faro\/#organization"},"image":{"@id":"https:\/\/jornalismounaerp.com.br\/faro\/vamos-cuidar-do-nosso-quintal\/#primaryimage"},"thumbnailUrl":"https:\/\/jornalismounaerp.com.br\/faro\/wp-content\/uploads\/2024\/11\/MARCELO.png","keywords":["\u00e1rvores","ong","pol\u00edticas p\u00fablicas"],"articleSection":["Hyperlinks"],"inLanguage":"pt-BR"},{"@type":"WebPage","@id":"https:\/\/jornalismounaerp.com.br\/faro\/vamos-cuidar-do-nosso-quintal\/","url":"https:\/\/jornalismounaerp.com.br\/faro\/vamos-cuidar-do-nosso-quintal\/","name":"\"Vamos cuidar do nosso quintal\" &#8211; FARO","isPartOf":{"@id":"https:\/\/jornalismounaerp.com.br\/faro\/#website"},"primaryImageOfPage":{"@id":"https:\/\/jornalismounaerp.com.br\/faro\/vamos-cuidar-do-nosso-quintal\/#primaryimage"},"image":{"@id":"https:\/\/jornalismounaerp.com.br\/faro\/vamos-cuidar-do-nosso-quintal\/#primaryimage"},"thumbnailUrl":"https:\/\/jornalismounaerp.com.br\/faro\/wp-content\/uploads\/2024\/11\/MARCELO.png","datePublished":"2024-11-26T22:22:33+00:00","dateModified":"2024-11-28T23:22:18+00:00","description":"Por: Joyce Pezzato e Thais Etelvino","breadcrumb":{"@id":"https:\/\/jornalismounaerp.com.br\/faro\/vamos-cuidar-do-nosso-quintal\/#breadcrumb"},"inLanguage":"pt-BR","potentialAction":[{"@type":"ReadAction","target":["https:\/\/jornalismounaerp.com.br\/faro\/vamos-cuidar-do-nosso-quintal\/"]}]},{"@type":"ImageObject","inLanguage":"pt-BR","@id":"https:\/\/jornalismounaerp.com.br\/faro\/vamos-cuidar-do-nosso-quintal\/#primaryimage","url":"https:\/\/jornalismounaerp.com.br\/faro\/wp-content\/uploads\/2024\/11\/MARCELO.png","contentUrl":"https:\/\/jornalismounaerp.com.br\/faro\/wp-content\/uploads\/2024\/11\/MARCELO.png","width":1280,"height":854},{"@type":"BreadcrumbList","@id":"https:\/\/jornalismounaerp.com.br\/faro\/vamos-cuidar-do-nosso-quintal\/#breadcrumb","itemListElement":[{"@type":"ListItem","position":1,"name":"In\u00edcio","item":"https:\/\/jornalismounaerp.com.br\/faro\/"},{"@type":"ListItem","position":2,"name":"Hyperlinks","item":"https:\/\/jornalismounaerp.com.br\/faro\/hyperlinks\/"},{"@type":"ListItem","position":3,"name":"&#8220;Vamos cuidar do nosso quintal&#8221;"}]},{"@type":"WebSite","@id":"https:\/\/jornalismounaerp.com.br\/faro\/#website","url":"https:\/\/jornalismounaerp.com.br\/faro\/","name":"FARO","description":"F\u00e1brica Acad\u00eamica de Reportagens On-line","publisher":{"@id":"https:\/\/jornalismounaerp.com.br\/faro\/#organization"},"potentialAction":[{"@type":"SearchAction","target":{"@type":"EntryPoint","urlTemplate":"https:\/\/jornalismounaerp.com.br\/faro\/?s={search_term_string}"},"query-input":{"@type":"PropertyValueSpecification","valueRequired":true,"valueName":"search_term_string"}}],"inLanguage":"pt-BR"},{"@type":"Organization","@id":"https:\/\/jornalismounaerp.com.br\/faro\/#organization","name":"F\u00e1brica Acad\u00eamica de Reportagens On-line","url":"https:\/\/jornalismounaerp.com.br\/faro\/","logo":{"@type":"ImageObject","inLanguage":"pt-BR","@id":"https:\/\/jornalismounaerp.com.br\/faro\/#\/schema\/logo\/image\/","url":"https:\/\/jornalismounaerp.com.br\/faro\/wp-content\/uploads\/2024\/10\/farosocial.jpg","contentUrl":"https:\/\/jornalismounaerp.com.br\/faro\/wp-content\/uploads\/2024\/10\/farosocial.jpg","width":600,"height":400,"caption":"F\u00e1brica Acad\u00eamica de Reportagens On-line"},"image":{"@id":"https:\/\/jornalismounaerp.com.br\/faro\/#\/schema\/logo\/image\/"}},{"@type":"Person","@id":"https:\/\/jornalismounaerp.com.br\/faro\/#\/schema\/person\/cb5a92b970bb81d3a47c2fd4384af0d2","name":"Joyce Pezzato Carolino","image":{"@type":"ImageObject","inLanguage":"pt-BR","@id":"https:\/\/secure.gravatar.com\/avatar\/22fd79d85e991341350526b11fdde6222cbb7ee8c92b54841a7bb8e370257348?s=96&d=mm&r=g","url":"https:\/\/secure.gravatar.com\/avatar\/22fd79d85e991341350526b11fdde6222cbb7ee8c92b54841a7bb8e370257348?s=96&d=mm&r=g","contentUrl":"https:\/\/secure.gravatar.com\/avatar\/22fd79d85e991341350526b11fdde6222cbb7ee8c92b54841a7bb8e370257348?s=96&d=mm&r=g","caption":"Joyce Pezzato Carolino"},"url":"https:\/\/jornalismounaerp.com.br\/faro\/author\/joyce-carolino\/"}]}},"_links":{"self":[{"href":"https:\/\/jornalismounaerp.com.br\/faro\/wp-json\/wp\/v2\/posts\/1207","targetHints":{"allow":["GET"]}}],"collection":[{"href":"https:\/\/jornalismounaerp.com.br\/faro\/wp-json\/wp\/v2\/posts"}],"about":[{"href":"https:\/\/jornalismounaerp.com.br\/faro\/wp-json\/wp\/v2\/types\/post"}],"author":[{"embeddable":true,"href":"https:\/\/jornalismounaerp.com.br\/faro\/wp-json\/wp\/v2\/users\/38"}],"replies":[{"embeddable":true,"href":"https:\/\/jornalismounaerp.com.br\/faro\/wp-json\/wp\/v2\/comments?post=1207"}],"version-history":[{"count":0,"href":"https:\/\/jornalismounaerp.com.br\/faro\/wp-json\/wp\/v2\/posts\/1207\/revisions"}],"wp:featuredmedia":[{"embeddable":true,"href":"https:\/\/jornalismounaerp.com.br\/faro\/wp-json\/wp\/v2\/media\/1408"}],"wp:attachment":[{"href":"https:\/\/jornalismounaerp.com.br\/faro\/wp-json\/wp\/v2\/media?parent=1207"}],"wp:term":[{"taxonomy":"category","embeddable":true,"href":"https:\/\/jornalismounaerp.com.br\/faro\/wp-json\/wp\/v2\/categories?post=1207"},{"taxonomy":"post_tag","embeddable":true,"href":"https:\/\/jornalismounaerp.com.br\/faro\/wp-json\/wp\/v2\/tags?post=1207"}],"curies":[{"name":"wp","href":"https:\/\/api.w.org\/{rel}","templated":true}]}}